{"id":1169,"date":"2026-03-11T17:55:50","date_gmt":"2026-03-11T17:55:50","guid":{"rendered":"https:\/\/zonaneanoticias.com\/?p=1169"},"modified":"2026-03-11T17:55:50","modified_gmt":"2026-03-11T17:55:50","slug":"tensa-sesion-en-diputados-por-la-conformacion-de-comisiones","status":"publish","type":"post","link":"https:\/\/zonaneanoticias.com\/index.php\/2026\/03\/11\/tensa-sesion-en-diputados-por-la-conformacion-de-comisiones\/","title":{"rendered":"TENSA SESI\u00d3N EN DIPUTADOS POR LA CONFORMACI\u00d3N DE COMISIONES"},"content":{"rendered":"\n<p>El cuerpo legislativo provincial resolvi\u00f3 que las sesiones ordinarias se realizar\u00e1n los mi\u00e9rcoles a las 11 y avanz\u00f3 en la conformaci\u00f3n de las comisiones parlamentarias.<\/p>\n\n\n\n<p>La C\u00e1mara de Diputados de Corrientes realiz\u00f3 este mi\u00e9rcoles su primer encuentro del per\u00edodo ordinario y dispuso el giro a las comisiones correspondientes de los expedientes que tomaron estado parlamentario, de acuerdo con lo establecido por la t\u00e9cnica legislativa.<\/p>\n\n\n\n<p>Durante la sesi\u00f3n, el cuerpo aprob\u00f3 por unanimidad que las sesiones ordinarias continuar\u00e1n desarroll\u00e1ndose los d\u00edas mi\u00e9rcoles a las 11, conforme a lo previsto en el art\u00edculo 39 del reglamento de la c\u00e1mara. Adem\u00e1s, se trabaj\u00f3 en la conformaci\u00f3n de las comisiones del cuerpo legislativo, en l\u00ednea con lo establecido en el art\u00edculo 70 del reglamento interno.<\/p>\n\n\n\n<p>La sesi\u00f3n fue presidida por Eduardo Tassano, quien tambi\u00e9n qued\u00f3 facultado para completar la integraci\u00f3n de las comisiones permanentes, algunas de las cuales quedaron con vacantes que ser\u00e1n cubiertas posteriormente. Seg\u00fan se inform\u00f3, en los pr\u00f3ximos d\u00edas cada comisi\u00f3n se reunir\u00e1 para elegir a sus respectivas autoridades.<\/p>\n\n\n\n<p>Asimismo, el cuerpo legislativo aprob\u00f3 una serie de declaraciones y durante la jornada se realizaron menciones vinculadas a fechas conmemorativas como el D\u00eda Internacional de la Mujer y el D\u00eda Nacional de la Memoria por la Verdad y la Justicia.<\/p>\n\n\n\n<p>Tras la sesi\u00f3n, Tassano dialog\u00f3 con Radio Sudamericana y realiz\u00f3 un balance de la jornada.&nbsp;<em><strong>\u201cSe trabaj\u00f3 muy bien con el bloque ECO, se trabaj\u00f3 muy bien con el bloque del PJ, con el diputado de La Libertad Avanza&nbsp;y era una gran mayor\u00eda para entonces\u201d<\/strong><\/em>, afirm\u00f3.<\/p>\n\n\n\n<p>Consultado sobre una situaci\u00f3n registrada en el recinto entre los diputados Pedro Cassani y Norberto Ast, el presidente de la C\u00e1mara explic\u00f3 que se trat\u00f3 de una diferencia vinculada a la integraci\u00f3n de comisiones.<\/p>\n\n\n\n<p><em><strong>\u201cEntiendo que el diputado quer\u00eda integrar algunas comisiones y obviamente que en esto el oficialismo impone sus n\u00fameros para tener posibilidad de resoluci\u00f3n en comisiones muy importantes. Creo que ah\u00ed hubo una disidencia, pero tambi\u00e9n son gajes del oficio de las discusiones\u201d<\/strong><\/em>, se\u00f1al\u00f3.<\/p>\n\n\n\n<p>En ese sentido, Tassano destac\u00f3 el clima de trabajo dentro del cuerpo legislativo.&nbsp;<em><strong>\u201cAc\u00e1 hay diputados de mucho prestigio tanto del oficialismo como de la oposici\u00f3n. Creo que hay un clima de trabajo muy bueno\u201d<\/strong><\/em>, expres\u00f3.<\/p>\n\n\n\n<p>Finalmente, el titular de la C\u00e1mara sostuvo que el cuerpo legislativo se encuentra dispuesto a trabajar ante el contexto actual.&nbsp;<em><strong>\u201cComo C\u00e1mara de Diputados estamos siempre prestos a trabajar con la urgencia que corresponda. Somos conscientes de los momentos dif\u00edciles que vive el mundo y el pa\u00eds\u201d<\/strong><\/em>, afirm\u00f3.&nbsp;<\/p>\n\n\n\n<p>Y concluy\u00f3:&nbsp;<em><strong>\u201cCorrientes no es una isla y los impactos econ\u00f3micos que se dan a nivel nacional los vivimos nosotros como provincia del norte. Estamos listos y preparados para eso\u201d<\/strong><\/em>.<\/p>\n","protected":false},"excerpt":{"rendered":"<p>El cuerpo legislativo provincial resolvi\u00f3 [&hellip;]<\/p>\n","protected":false},"author":2,"featured_media":1170,"comment_status":"open","ping_status":"open","sticky":false,"template":"","format":"standard","meta":{"footnotes":""},"categories":[1],"tags":[],"_links":{"self":[{"href":"https:\/\/zonaneanoticias.com\/index.php\/wp-json\/wp\/v2\/posts\/1169"}],"collection":[{"href":"https:\/\/zonaneanoticias.com\/index.php\/wp-json\/wp\/v2\/posts"}],"about":[{"href":"https:\/\/zonaneanoticias.com\/index.php\/wp-json\/wp\/v2\/types\/post"}],"author":[{"embeddable":true,"href":"https:\/\/zonaneanoticias.com\/index.php\/wp-json\/wp\/v2\/users\/2"}],"replies":[{"embeddable":true,"href":"https:\/\/zonaneanoticias.com\/index.php\/wp-json\/wp\/v2\/comments?post=1169"}],"version-history":[{"count":1,"href":"https:\/\/zonaneanoticias.com\/index.php\/wp-json\/wp\/v2\/posts\/1169\/revisions"}],"predecessor-version":[{"id":1171,"href":"https:\/\/zonaneanoticias.com\/index.php\/wp-json\/wp\/v2\/posts\/1169\/revisions\/1171"}],"wp:featuredmedia":[{"embeddable":true,"href":"https:\/\/zonaneanoticias.com\/index.php\/wp-json\/wp\/v2\/media\/1170"}],"wp:attachment":[{"href":"https:\/\/zonaneanoticias.com\/index.php\/wp-json\/wp\/v2\/media?parent=1169"}],"wp:term":[{"taxonomy":"category","embeddable":true,"href":"https:\/\/zonaneanoticias.com\/index.php\/wp-json\/wp\/v2\/categories?post=1169"},{"taxonomy":"post_tag","embeddable":true,"href":"https:\/\/zonaneanoticias.com\/index.php\/wp-json\/wp\/v2\/tags?post=1169"}],"curies":[{"name":"wp","href":"https:\/\/api.w.org\/{rel}","templated":true}]}}