{"id":1166,"date":"2026-03-11T17:54:41","date_gmt":"2026-03-11T17:54:41","guid":{"rendered":"https:\/\/zonaneanoticias.com\/?p=1166"},"modified":"2026-03-11T17:54:42","modified_gmt":"2026-03-11T17:54:42","slug":"dolor-en-el-futbol-argentino-por-la-muerte-de-una-jugadora-de-16-anos","status":"publish","type":"post","link":"https:\/\/zonaneanoticias.com\/index.php\/2026\/03\/11\/dolor-en-el-futbol-argentino-por-la-muerte-de-una-jugadora-de-16-anos\/","title":{"rendered":"DOLOR EN EL F\u00daTBOL ARGENTINO POR LA MUERTE DE UNA JUGADORA DE 16 A\u00d1OS"},"content":{"rendered":"\n<p>La comunidad del f\u00fatbol argentino fue sacudida por una noticia que dej\u00f3 un vac\u00edo imposible de llenar:\u00a0Tiara Lemos, jugadora de 16 a\u00f1os del plantel femenino de Col\u00f3n, falleci\u00f3\u00a0dejando un profundo dolor entre quienes compartieron con ella la cancha y la vida cotidiana. La confirmaci\u00f3n oficial lleg\u00f3 a trav\u00e9s de un comunicado del club, que expres\u00f3 su pesar a trav\u00e9s de las redes sociales.<\/p>\n\n\n\n<p>La comunidad del f\u00fatbol argentino fue sacudida por una noticia que dej\u00f3 un vac\u00edo imposible de llenar:&nbsp;Tiara Lemos, jugadora de 16 a\u00f1os del plantel femenino de Col\u00f3n, falleci\u00f3&nbsp;dejando un profundo dolor entre quienes compartieron con ella la cancha y la vida cotidiana. La confirmaci\u00f3n oficial lleg\u00f3 a trav\u00e9s de un comunicado del club, que expres\u00f3 su pesar a trav\u00e9s de las redes sociales.<\/p>\n\n\n\n<p>\u201cEl&nbsp;<strong>Club Atl\u00e9tico Col\u00f3n<\/strong>, a trav\u00e9s de su Departamento de F\u00fatbol Femenino, lamenta profundamente el fallecimiento de Tiara Lemos, jugadora de nuestra instituci\u00f3n. El club acompa\u00f1a a sus familiares, compa\u00f1eras y seres queridos en este dif\u00edcil y doloroso momento\u201d, reconoci\u00f3 la instituci\u00f3n respecto a la magnitud de la p\u00e9rdida sufrida por todo el entorno sabalero. Hasta el momento, no se conocieron mayores precisiones sobre los motivos del fallecimiento de la futbolista juvenil.<\/p>\n\n\n\n<p>La noticia cal\u00f3 especialmente hondo entre el grupo de jugadoras que compartieron cada entrenamiento y partido junto a Tiara. El impacto de su partida se reflej\u00f3 en los mensajes que comenzaron a circular, no solo desde Col\u00f3n sino tambi\u00e9n desde otros rincones del f\u00fatbol local.\u00a0Uni\u00f3n, el cl\u00e1sico rival, no dud\u00f3 en sumar su voz de solidaridad. A trav\u00e9s de sus canales oficiales, manifest\u00f3: \u201cEl Club Atl\u00e9tico Uni\u00f3n expresa su profundo pesar por el fallecimiento de Tiara Lemos, jugadora de Col\u00f3n de Santa Fe. Acompa\u00f1amos a su familia y compa\u00f1eras en este dif\u00edcil momento\u201d<\/p>\n\n\n\n<p>La muerte de Tiara Lemos moviliz\u00f3 a toda la comunidad deportiva de la ciudad. Jugadoras, entrenadores y referentes de diversas instituciones santafesinas enviaron mensajes de apoyo, buscando abrazar a su entorno m\u00e1s cercano y a las compa\u00f1eras de equipo en este trance tan doloroso. El f\u00fatbol femenino local sufri\u00f3 un golpe que sobrepasa lo deportivo:&nbsp;la p\u00e9rdida de una joven que apenas comenzaba a construir su camino.<\/p>\n\n\n\n<p>En una ciudad donde los colores dividen pasiones, la noticia del fallecimiento de Tiara logr\u00f3 unir a todos en el mismo sentimiento de tristeza.&nbsp;Las muestras de afecto y los mensajes de aliento inundaron las redes, en un intento de ofrecer algo de consuelo ante la ausencia tan temprana de una integrante querida por su entorno.<\/p>\n\n\n\n<p>En medio de la tristeza,&nbsp;las palabras de despedida de su novia&nbsp;Juana \u00c1lvarez&nbsp;reflejaron el sentimiento de p\u00e9rdida que traspasa a sus seres queridos: \u201cEspero que ahora te encuentres tranquila, mi amor. Me duele en el alma y en lo m\u00e1s profundo de mi ser no poder seguir compartiendo mi vida con vos. Nunca jam\u00e1s en la vida te voy a olvidar, amor m\u00edo, y se me hace un nudo en el pecho cada vez que intento calmarme y dejar de pensar en lo que pas\u00f3. Si pudiera elegir sin cambios dr\u00e1sticos mi destino, sin duda me ir\u00eda mil veces con vos sin importar nada. Te amo con todo lo que qued\u00f3 de m\u00ed, amor m\u00edo\u201d.<\/p>\n\n\n\n<p>Ana Valdez, una de sus compa\u00f1eras en el plantel del Sabalero, tambi\u00e9n apel\u00f3 a las redes para expresarse: \u201cTe voy a extra\u00f1ar tanto mi loca linda, no sab\u00e9s lo que me duele saber que ya no est\u00e1s entre nosotros y espero hayas encontrado mucha paz.&nbsp;Te vamos a recordar con tus chistes horribles y tu sonrisa hermosa, gordita. Eras luz en la vida de todo el que te conociera, eras lo m\u00e1s lindo que alguien pod\u00eda encontrar\u201d.<\/p>\n","protected":false},"excerpt":{"rendered":"<p>La comunidad del f\u00fatbol argentino [&hellip;]<\/p>\n","protected":false},"author":2,"featured_media":1167,"comment_status":"open","ping_status":"open","sticky":false,"template":"","format":"standard","meta":{"footnotes":""},"categories":[1],"tags":[],"_links":{"self":[{"href":"https:\/\/zonaneanoticias.com\/index.php\/wp-json\/wp\/v2\/posts\/1166"}],"collection":[{"href":"https:\/\/zonaneanoticias.com\/index.php\/wp-json\/wp\/v2\/posts"}],"about":[{"href":"https:\/\/zonaneanoticias.com\/index.php\/wp-json\/wp\/v2\/types\/post"}],"author":[{"embeddable":true,"href":"https:\/\/zonaneanoticias.com\/index.php\/wp-json\/wp\/v2\/users\/2"}],"replies":[{"embeddable":true,"href":"https:\/\/zonaneanoticias.com\/index.php\/wp-json\/wp\/v2\/comments?post=1166"}],"version-history":[{"count":1,"href":"https:\/\/zonaneanoticias.com\/index.php\/wp-json\/wp\/v2\/posts\/1166\/revisions"}],"predecessor-version":[{"id":1168,"href":"https:\/\/zonaneanoticias.com\/index.php\/wp-json\/wp\/v2\/posts\/1166\/revisions\/1168"}],"wp:featuredmedia":[{"embeddable":true,"href":"https:\/\/zonaneanoticias.com\/index.php\/wp-json\/wp\/v2\/media\/1167"}],"wp:attachment":[{"href":"https:\/\/zonaneanoticias.com\/index.php\/wp-json\/wp\/v2\/media?parent=1166"}],"wp:term":[{"taxonomy":"category","embeddable":true,"href":"https:\/\/zonaneanoticias.com\/index.php\/wp-json\/wp\/v2\/categories?post=1166"},{"taxonomy":"post_tag","embeddable":true,"href":"https:\/\/zonaneanoticias.com\/index.php\/wp-json\/wp\/v2\/tags?post=1166"}],"curies":[{"name":"wp","href":"https:\/\/api.w.org\/{rel}","templated":true}]}}