{"id":1163,"date":"2026-03-11T17:53:47","date_gmt":"2026-03-11T17:53:47","guid":{"rendered":"https:\/\/zonaneanoticias.com\/?p=1163"},"modified":"2026-03-11T17:53:47","modified_gmt":"2026-03-11T17:53:47","slug":"causa-rose-esperamos-una-sentencia-logica-y-condenatoria","status":"publish","type":"post","link":"https:\/\/zonaneanoticias.com\/index.php\/2026\/03\/11\/causa-rose-esperamos-una-sentencia-logica-y-condenatoria\/","title":{"rendered":"CAUSA ROS\u00c9: &#8220;ESPERAMOS UNA SENTENCIA L\u00d3GICA Y CONDENATORIA&#8221;"},"content":{"rendered":"\n<p>El mi\u00e9rcoles 18 de marzo, ser\u00e1n los alegatos y se conocer\u00e1 la sentencia en la causa Lautaro Rose, en el juicio contra seis polic\u00edas por la muerte del joven. \u201cEsperamos una sentencia razonable y condenatoria\u201d, dijo el abogado querellante Hermindo Gonz\u00e1lez. <audio src=\"https:\/\/www.radiosudamericana.com\/notix\/multimedia\/audios\/2026-03-11\/479548.mp3\"><\/audio><\/p>\n\n\n\n<p>En di\u00e1logo con la cronista de Radio Sudamericana, el Dr. Hermindo Gonz\u00e1lez, abogado de la familia de<strong>&nbsp;Lautaro Ros\u00e9,<\/strong>&nbsp;el joven que muri\u00f3 tras una persecuci\u00f3n policial en noviembre de 2021 en la ciudad de Corrientes, se refiri\u00f3 a la etapa final del juicio contra seis polic\u00edas.<\/p>\n\n\n\n<p>\u201cSe acredit\u00f3 de manera clara la existencia del hecho, como as\u00ed tambi\u00e9n el v\u00ednculo de responsabilidad con material probatorio objetivo la participaci\u00f3n de quienes est\u00e1n en el banquillo de los acusados. Por lo tanto&nbsp;<strong>esperemos que este mi\u00e9rcoles 18 se obtenga una sentencia razonable, l\u00f3gica y justa, una sentencia condenatoria<\/strong>\u201d.<\/p>\n\n\n\n<h2 class=\"wp-block-heading\"><strong>El caso<\/strong><\/h2>\n\n\n\n<p>El hecho que ser\u00e1 objeto de juzgamiento ocurri\u00f3 en la madrugada del 7 de noviembre de 2021, cuando&nbsp;<strong>Lautaro Ros\u00e9&nbsp;<\/strong>y un amigo fueron perseguidos por personal policial en la zona ribere\u00f1a de la capital correntina.<\/p>\n\n\n\n<p>Seg\u00fan la investigaci\u00f3n, los j\u00f3venes fueron acorralados por efectivos de la Polic\u00eda de Corrientes, lo que llev\u00f3 a ambos a lanzarse al r\u00edo Paran\u00e1 para intentar escapar. Lautaro, que no sab\u00eda nadar, pidi\u00f3 ayuda mientras se encontraba en el agua, pero no recibi\u00f3 auxilio de los agentes. Por el contrario, habr\u00edan efectuado disparos al aire por encima de su cuerpo mientras el joven luchaba por mantenerse a flote.<\/p>\n\n\n\n<p>De acuerdo con el expediente judicial, los polic\u00edas se retiraron del lugar sin brindar asistencia, agredieron al amigo que lo acompa\u00f1aba y lo amenazaron para que no hablara. Tampoco realizaron actas sobre lo sucedido, lo que la querella considera un intento de encubrimiento.<\/p>\n\n\n\n<p>El cuerpo de Lautaro fue hallado tres d\u00edas despu\u00e9s, a pocos metros del sitio donde desapareci\u00f3, por un grupo de amigos que participaba de su b\u00fasqueda.<a href=\"https:\/\/www.radiosudamericana.com\/notix\/multimedia\/imagenes\/fotos\/2026-03-11\/980377.jpg\"><\/a><\/p>\n\n\n\n<h2 class=\"wp-block-heading\"><strong>Los imputados<\/strong><\/h2>\n\n\n\n<p>En la causa est\u00e1n imputados seis efectivos de la Polic\u00eda de Corrientes: Carlos Prieto, Juan Aveiro, Sergio Iv\u00e1n Barber\u00e1n, Omar Aguirre, Maximiliano Romero y Vicente Pruyas, acusados de diversos delitos relacionados con el hecho.<\/p>\n\n\n\n<p>El proceso judicial permitir\u00e1 determinar las responsabilidades penales de cada uno de los involucrados en un caso que gener\u00f3 gran conmoci\u00f3n social en la provincia.<\/p>\n","protected":false},"excerpt":{"rendered":"<p>El mi\u00e9rcoles 18 de marzo, [&hellip;]<\/p>\n","protected":false},"author":2,"featured_media":1164,"comment_status":"open","ping_status":"open","sticky":false,"template":"","format":"standard","meta":{"footnotes":""},"categories":[1],"tags":[],"_links":{"self":[{"href":"https:\/\/zonaneanoticias.com\/index.php\/wp-json\/wp\/v2\/posts\/1163"}],"collection":[{"href":"https:\/\/zonaneanoticias.com\/index.php\/wp-json\/wp\/v2\/posts"}],"about":[{"href":"https:\/\/zonaneanoticias.com\/index.php\/wp-json\/wp\/v2\/types\/post"}],"author":[{"embeddable":true,"href":"https:\/\/zonaneanoticias.com\/index.php\/wp-json\/wp\/v2\/users\/2"}],"replies":[{"embeddable":true,"href":"https:\/\/zonaneanoticias.com\/index.php\/wp-json\/wp\/v2\/comments?post=1163"}],"version-history":[{"count":1,"href":"https:\/\/zonaneanoticias.com\/index.php\/wp-json\/wp\/v2\/posts\/1163\/revisions"}],"predecessor-version":[{"id":1165,"href":"https:\/\/zonaneanoticias.com\/index.php\/wp-json\/wp\/v2\/posts\/1163\/revisions\/1165"}],"wp:featuredmedia":[{"embeddable":true,"href":"https:\/\/zonaneanoticias.com\/index.php\/wp-json\/wp\/v2\/media\/1164"}],"wp:attachment":[{"href":"https:\/\/zonaneanoticias.com\/index.php\/wp-json\/wp\/v2\/media?parent=1163"}],"wp:term":[{"taxonomy":"category","embeddable":true,"href":"https:\/\/zonaneanoticias.com\/index.php\/wp-json\/wp\/v2\/categories?post=1163"},{"taxonomy":"post_tag","embeddable":true,"href":"https:\/\/zonaneanoticias.com\/index.php\/wp-json\/wp\/v2\/tags?post=1163"}],"curies":[{"name":"wp","href":"https:\/\/api.w.org\/{rel}","templated":true}]}}