{"id":1160,"date":"2026-03-11T17:52:45","date_gmt":"2026-03-11T17:52:45","guid":{"rendered":"https:\/\/zonaneanoticias.com\/?p=1160"},"modified":"2026-03-11T17:52:46","modified_gmt":"2026-03-11T17:52:46","slug":"buscan-a-un-chico-desaparecido-salio-de-la-escuela-y-no-regreso","status":"publish","type":"post","link":"https:\/\/zonaneanoticias.com\/index.php\/2026\/03\/11\/buscan-a-un-chico-desaparecido-salio-de-la-escuela-y-no-regreso\/","title":{"rendered":"BUSCAN A UN CHICO DESAPARECIDO: SALI\u00d3 DE LA ESCUELA Y NO REGRES\u00d3"},"content":{"rendered":"\n<p>La Polic\u00eda de Corrientes solicita la colaboraci\u00f3n de la comunidad para localizar a Romeo Ger\u00f3nimo Monz\u00f3n, de 14 a\u00f1os, quien se ausent\u00f3 este martes\u00a0por la tarde tras salir de la escuela. Interviene la Comisar\u00eda Primera de la Mujer y el Menor.<\/p>\n\n\n\n<p>La Polic\u00eda de Corrientes solicita la colaboraci\u00f3n&nbsp;para dar con el paradero de Romeo Ger\u00f3nimo Monz\u00f3n, un adolescente de 14 a\u00f1os que fue reportado como desaparecido luego de retirarse de su escuela en la tarde del martes y no regresar a su hogar.<\/p>\n\n\n\n<p>De acuerdo a la denuncia radicada por una persona de apellido G\u00f3mez, el menor se habr\u00eda fugado a la salida del establecimiento educativo, lo que motiv\u00f3 la inmediata intervenci\u00f3n de la Comisar\u00eda Primera de la Mujer y el Menor, adem\u00e1s de la Fiscal\u00eda de Investigaci\u00f3n en turno, que ya tom\u00f3 intervenci\u00f3n en el caso.<\/p>\n\n\n\n<h3 class=\"wp-block-heading\"><strong>Caracter\u00edsticas del menor buscado<\/strong><\/h3>\n\n\n\n<p>Seg\u00fan la informaci\u00f3n difundida por la Polic\u00eda, Romeo Ger\u00f3nimo Monz\u00f3n presenta las siguientes caracter\u00edsticas f\u00edsicas:<\/p>\n\n\n\n<p><strong>\u2022 Edad: 14 a\u00f1os<br>\u2022 Altura: aproximadamente 1,56 metros<br>\u2022 Contextura: delgada<br>\u2022 Tez: blanca<br>\u2022 Cabello: corto, color oscuro<br>\u2022 Ojos: marrones<\/strong><\/p>\n\n\n\n<p>Al momento de ausentarse, el adolescente vest\u00eda una bermuda azul, remera blanca, zapatillas oscuras y llevaba una mochila de color oscuro.<\/p>\n\n\n\n<h3 class=\"wp-block-heading\"><strong>C\u00f3mo aportar informaci\u00f3n<\/strong><\/h3>\n\n\n\n<p>Desde la Polic\u00eda solicitaron la colaboraci\u00f3n de la comunidad y de los medios de comunicaci\u00f3n para difundir la b\u00fasqueda y facilitar la localizaci\u00f3n del menor.<\/p>\n\n\n\n<p>Cualquier persona que tenga datos que puedan ayudar a encontrar a Romeo Ger\u00f3nimo Monz\u00f3n puede comunicarse con<\/p>\n\n\n\n<p><strong>\u2022 Comisar\u00eda Primera de la Mujer y el Menor: 3794-432913<br>\u2022 Sistema Integral de Seguridad: 911 (Capital)<br>\u2022 N\u00famero 101 en el interior de la provincia<br>\u2022 O acercarse a la dependencia policial m\u00e1s cercana.<\/strong><\/p>\n","protected":false},"excerpt":{"rendered":"<p>La Polic\u00eda de Corrientes solicita [&hellip;]<\/p>\n","protected":false},"author":2,"featured_media":1161,"comment_status":"open","ping_status":"open","sticky":false,"template":"","format":"standard","meta":{"footnotes":""},"categories":[1],"tags":[],"_links":{"self":[{"href":"https:\/\/zonaneanoticias.com\/index.php\/wp-json\/wp\/v2\/posts\/1160"}],"collection":[{"href":"https:\/\/zonaneanoticias.com\/index.php\/wp-json\/wp\/v2\/posts"}],"about":[{"href":"https:\/\/zonaneanoticias.com\/index.php\/wp-json\/wp\/v2\/types\/post"}],"author":[{"embeddable":true,"href":"https:\/\/zonaneanoticias.com\/index.php\/wp-json\/wp\/v2\/users\/2"}],"replies":[{"embeddable":true,"href":"https:\/\/zonaneanoticias.com\/index.php\/wp-json\/wp\/v2\/comments?post=1160"}],"version-history":[{"count":1,"href":"https:\/\/zonaneanoticias.com\/index.php\/wp-json\/wp\/v2\/posts\/1160\/revisions"}],"predecessor-version":[{"id":1162,"href":"https:\/\/zonaneanoticias.com\/index.php\/wp-json\/wp\/v2\/posts\/1160\/revisions\/1162"}],"wp:featuredmedia":[{"embeddable":true,"href":"https:\/\/zonaneanoticias.com\/index.php\/wp-json\/wp\/v2\/media\/1161"}],"wp:attachment":[{"href":"https:\/\/zonaneanoticias.com\/index.php\/wp-json\/wp\/v2\/media?parent=1160"}],"wp:term":[{"taxonomy":"category","embeddable":true,"href":"https:\/\/zonaneanoticias.com\/index.php\/wp-json\/wp\/v2\/categories?post=1160"},{"taxonomy":"post_tag","embeddable":true,"href":"https:\/\/zonaneanoticias.com\/index.php\/wp-json\/wp\/v2\/tags?post=1160"}],"curies":[{"name":"wp","href":"https:\/\/api.w.org\/{rel}","templated":true}]}}