{"id":1157,"date":"2026-03-11T17:51:59","date_gmt":"2026-03-11T17:51:59","guid":{"rendered":"https:\/\/zonaneanoticias.com\/?p=1157"},"modified":"2026-03-11T17:52:00","modified_gmt":"2026-03-11T17:52:00","slug":"persiste-el-alerta-por-tormentas-para-capital-y-varias-localidades","status":"publish","type":"post","link":"https:\/\/zonaneanoticias.com\/index.php\/2026\/03\/11\/persiste-el-alerta-por-tormentas-para-capital-y-varias-localidades\/","title":{"rendered":"PERSISTE EL ALERTA POR TORMENTAS PARA CAPITAL Y VARIAS LOCALIDADES"},"content":{"rendered":"\n<p>El Servicio Meteorol\u00f3gico Nacional (SMN) emiti\u00f3\u00a0 alerta amarilla por tormentas, lluvias y hasta vientos fuertes para capital y varias localidades de Corrientes, durante la jornada de este mi\u00e9rcoles.<\/p>\n\n\n\n<p>De acuerdo con el \u00faltimo informe meteorol\u00f3gico, del organismo nacional el \u00e1rea ser\u00e1 afectada por tormentas de variada intensidad, algunas localmente fuertes.<\/p>\n\n\n\n<p>Las mismas estar\u00e1n acompa\u00f1adas principalmente por lluvias abundantes en cortos per\u00edodos, actividad el\u00e9ctrica frecuente, ocasional ca\u00edda de granizo y r\u00e1fagas que pueden superar los 70 km\/h.<\/p>\n\n\n\n<p>Se prev\u00e9n valores de precipitaci\u00f3n acumulada entre 30 y 70 mm, que pueden ser superados de manera puntual.&nbsp;<\/p>\n\n\n\n<p>Localidades afectadas:&nbsp;<strong>Ber\u00f3n de Astrada &#8211; Capital &#8211; Empedrado &#8211; General Paz &#8211; Itat\u00ed &#8211; Mburucuy\u00e1 &#8211; Saladas &#8211; San Cosme &#8211; San Luis del Palmar<\/strong><\/p>\n\n\n\n<p><a href=\"https:\/\/www.radiosudamericana.com\/notix\/multimedia\/imagenes\/fotos\/2026-03-11\/702711.jpg\"><\/a><\/p>\n","protected":false},"excerpt":{"rendered":"<p>El Servicio Meteorol\u00f3gico Nacional (SMN) [&hellip;]<\/p>\n","protected":false},"author":2,"featured_media":1158,"comment_status":"open","ping_status":"open","sticky":false,"template":"","format":"standard","meta":{"footnotes":""},"categories":[1],"tags":[],"_links":{"self":[{"href":"https:\/\/zonaneanoticias.com\/index.php\/wp-json\/wp\/v2\/posts\/1157"}],"collection":[{"href":"https:\/\/zonaneanoticias.com\/index.php\/wp-json\/wp\/v2\/posts"}],"about":[{"href":"https:\/\/zonaneanoticias.com\/index.php\/wp-json\/wp\/v2\/types\/post"}],"author":[{"embeddable":true,"href":"https:\/\/zonaneanoticias.com\/index.php\/wp-json\/wp\/v2\/users\/2"}],"replies":[{"embeddable":true,"href":"https:\/\/zonaneanoticias.com\/index.php\/wp-json\/wp\/v2\/comments?post=1157"}],"version-history":[{"count":1,"href":"https:\/\/zonaneanoticias.com\/index.php\/wp-json\/wp\/v2\/posts\/1157\/revisions"}],"predecessor-version":[{"id":1159,"href":"https:\/\/zonaneanoticias.com\/index.php\/wp-json\/wp\/v2\/posts\/1157\/revisions\/1159"}],"wp:featuredmedia":[{"embeddable":true,"href":"https:\/\/zonaneanoticias.com\/index.php\/wp-json\/wp\/v2\/media\/1158"}],"wp:attachment":[{"href":"https:\/\/zonaneanoticias.com\/index.php\/wp-json\/wp\/v2\/media?parent=1157"}],"wp:term":[{"taxonomy":"category","embeddable":true,"href":"https:\/\/zonaneanoticias.com\/index.php\/wp-json\/wp\/v2\/categories?post=1157"},{"taxonomy":"post_tag","embeddable":true,"href":"https:\/\/zonaneanoticias.com\/index.php\/wp-json\/wp\/v2\/tags?post=1157"}],"curies":[{"name":"wp","href":"https:\/\/api.w.org\/{rel}","templated":true}]}}