{"id":1027,"date":"2025-08-14T17:22:06","date_gmt":"2025-08-14T17:22:06","guid":{"rendered":"https:\/\/zonaneanoticias.com\/?p=1027"},"modified":"2025-08-14T17:22:06","modified_gmt":"2025-08-14T17:22:06","slug":"es-momento-de-unir-fuerzas-dijo-el-dt-de-regatas","status":"publish","type":"post","link":"https:\/\/zonaneanoticias.com\/index.php\/2025\/08\/14\/es-momento-de-unir-fuerzas-dijo-el-dt-de-regatas\/","title":{"rendered":"&#8220;ES MOMENTO DE UNIR FUERZAS&#8221;, DIJO EL DT DE REGATAS"},"content":{"rendered":"\n<p>Tras el derrumbe del techo del estadio Jos\u00e9 Jorge Contte, sede del Club de Regatas <a href=\"https:\/\/corrientes.net.ar\/?utm_source=zonaneanoticias.com&#038;utm_medium=vinculos_dinamicos&#038;utm_campaign=credit\" target=\"_blank\" rel=\"noopener\">Corrientes<\/a>, el director t\u00e9cnico del equipo de B\u00e1squetbol expres\u00f3 \u201clamentamos lo que sucedi\u00f3 en el club, es hora de unir fuerzas para la reconstrucci\u00f3n\u201d<\/p>\n\n\n\n<p>En di\u00e1logo con Radio Sudamericana Juan Manuel Varas, t\u00e9cnico del equipo de b\u00e1squetbol de Regatas, habl\u00f3 tras el derrumbe del techo del estadio Jos\u00e9 Jorge Contte.<\/p>\n\n\n\n<p>\u201cLamentamos lo que sucedi\u00f3 en la estructura club, es hora de unir fuerzas para la reconstrucci\u00f3n y tener la paciencia necesaria para lo que se viene que es la Liga Nacional y el inicio de la pretemporada\u201d, expres\u00f3.<\/p>\n\n\n\n<p>En este sentido a\u00f1adi\u00f3 \u201cteniendo claro que este momento nos tiene que encontrar unidos y en conjunto para lo que necesite la instituci\u00f3n y nosotros adaptarnos a las necesidades de ellos y a los espacios que podamos encontrar para hacer la mejor preparaci\u00f3n posible\u201d.<\/p>\n\n\n\n<p>\u201cCon lo que respecta a la situaci\u00f3n, creo que amerita que la comunicaci\u00f3n que tengamos con los chicos del plantel, entendamos la prioridad, que es un hecho desagradable, desafortunado y que nosotros encontraremos el espacio para hacer la mejor preparaci\u00f3n posible. Gracias a Dios ha habido una solidaridad de parte de los clubes de la ciudad para con Regata, que muestra una sinceridad absoluta y que nosotros deberemos aprovecharlo para buscar los horarios que sean convenientes\u201d, detall\u00f3.<\/p>\n\n\n\n<p>A su vez agreg\u00f3 \u201cobviamente que no es el inicio deseado, que no&nbsp;es la comodidad que uno tiene en lo que es su casa, pero bueno, creo que todos entendemos que&nbsp;esta es una situaci\u00f3n anormal y pondremos nuestro granito de arena para hacer la mejor&nbsp;pretemporada posible y llegar al momento de la competencia en las mejores condiciones posibles\u201d<\/p>\n","protected":false},"excerpt":{"rendered":"<p>Tras el derrumbe del techo [&hellip;]<\/p>\n","protected":false},"author":2,"featured_media":1028,"comment_status":"open","ping_status":"open","sticky":false,"template":"","format":"standard","meta":{"footnotes":""},"categories":[1],"tags":[],"_links":{"self":[{"href":"https:\/\/zonaneanoticias.com\/index.php\/wp-json\/wp\/v2\/posts\/1027"}],"collection":[{"href":"https:\/\/zonaneanoticias.com\/index.php\/wp-json\/wp\/v2\/posts"}],"about":[{"href":"https:\/\/zonaneanoticias.com\/index.php\/wp-json\/wp\/v2\/types\/post"}],"author":[{"embeddable":true,"href":"https:\/\/zonaneanoticias.com\/index.php\/wp-json\/wp\/v2\/users\/2"}],"replies":[{"embeddable":true,"href":"https:\/\/zonaneanoticias.com\/index.php\/wp-json\/wp\/v2\/comments?post=1027"}],"version-history":[{"count":1,"href":"https:\/\/zonaneanoticias.com\/index.php\/wp-json\/wp\/v2\/posts\/1027\/revisions"}],"predecessor-version":[{"id":1029,"href":"https:\/\/zonaneanoticias.com\/index.php\/wp-json\/wp\/v2\/posts\/1027\/revisions\/1029"}],"wp:featuredmedia":[{"embeddable":true,"href":"https:\/\/zonaneanoticias.com\/index.php\/wp-json\/wp\/v2\/media\/1028"}],"wp:attachment":[{"href":"https:\/\/zonaneanoticias.com\/index.php\/wp-json\/wp\/v2\/media?parent=1027"}],"wp:term":[{"taxonomy":"category","embeddable":true,"href":"https:\/\/zonaneanoticias.com\/index.php\/wp-json\/wp\/v2\/categories?post=1027"},{"taxonomy":"post_tag","embeddable":true,"href":"https:\/\/zonaneanoticias.com\/index.php\/wp-json\/wp\/v2\/tags?post=1027"}],"curies":[{"name":"wp","href":"https:\/\/api.w.org\/{rel}","templated":true}]}}